{"id":3822,"date":"2026-09-03T12:38:45","date_gmt":"2026-09-03T10:38:45","guid":{"rendered":"https:\/\/spainparadise.com\/zloto-morza-srodziemnego-dlaczego-hiszpanska-pomarancza-jest-niezrownana\/"},"modified":"2026-09-03T12:46:55","modified_gmt":"2026-09-03T10:46:55","slug":"zloto-morza-srodziemnego-dlaczego-hiszpanska-pomarancza-jest-niezrownana","status":"publish","type":"post","link":"https:\/\/spainparadise.com\/pl\/zloto-morza-srodziemnego-dlaczego-hiszpanska-pomarancza-jest-niezrownana\/","title":{"rendered":"Z\u0142oto Morza \u015ar\u00f3dziemnego: dlaczego hiszpa\u0144ska pomara\u0144cza jest niezr\u00f3wnana"},"content":{"rendered":"\n<p class=\"wp-block-paragraph\">Hiszpa\u0144ska geografia, otoczona Morzem \u015ar\u00f3dziemnym i obdarzona ponad trzema tysi\u0105cami godzin s\u0142o\u0144ca rocznie, stoi za cytrusowy sad par excellence w Europie. M\u00f3wi\u0105c o hiszpa\u0144skiej pomara\u0144czy, nie mamy na my\u015bli tylko owocu; m\u00f3wimy o dziedzictwie kulturowym, historycznym motorze gospodarczym i jednym z najbardziej rozpoznawalnych znak\u00f3w gastronomicznych na \u015bwiecie. <\/p>\n\n<p class=\"wp-block-paragraph\">Hiszpania jest g\u0142\u00f3wnym producentem owoc\u00f3w cytrusowych w Unii Europejskiej oraz najwi\u0119kszym eksporterem \u015bwie\u017cych owoc\u00f3w cytrusowych na \u015bwiecie. Wsp\u00f3lnota Walencji, Andaluzja, Region Murcji oraz po\u0142udnie Katalonii tworz\u0105 o\u015b rolnicz\u0105, gdzie klimat, ziemia i wieki wiedzy ch\u0142opskiej \u0142\u0105cz\u0105 si\u0119, tworz\u0105c pomara\u0144cz\u0119 o wyj\u0105tkowej jako\u015bci, nieosi\u0105galn\u0105 dla produkcji z innych szeroko\u015bci geograficznych. <\/p>\n\n<h2 class=\"wp-block-heading\">Fascynuj\u0105ca historia pomara\u0144czy w Hiszpanii<\/h2>\n\n<p class=\"wp-block-paragraph\">Aby zrozumie\u0107 korzenie tej uprawy na P\u00f3\u0142wyspie Iberyjskim, musimy cofn\u0105\u0107 si\u0119 tysi\u0105ce lat i przemierzy\u0107 staro\u017cytny Jedwabny Szlak.<\/p>\n\n<p class=\"wp-block-paragraph\">Pomara\u0144czowe drzewo pochodzi z po\u0142udniowo-wschodnich region\u00f3w Azji, a konkretnie z dolin Himalaj\u00f3w, po\u0142udniowych Chin i p\u00f3\u0142nocno-wschodnich Indii. S\u0142owo &#8222;pomara\u0144czowy&#8221; pochodzi od <em>sanskryckiego narang<\/em>, kt\u00f3ry z kolei wywodzi si\u0119 z perskiego <em>n\u0101rang<\/em> i arabskiego <em>naranj<\/em>. To w\u0142a\u015bnie Arabowie w X wieku wprowadzili pomara\u0144cz\u0119 na P\u00f3\u0142wysep Iberyjski przez Al-Andalus. Jednak nie przywie\u017ali s\u0142odkiej pomara\u0144czy, kt\u00f3r\u0105 dzi\u015b spo\u017cywamy, lecz gorzkie <strong>drzewo pomara\u0144czowe<\/strong> (<em>Citrus aurantium<\/em>).   <\/p>\n\n<p class=\"wp-block-paragraph\">Przez wieki gorzka pomara\u0144cza by\u0142a uprawiana wy\u0142\u0105cznie w celach ozdobnych, leczniczych i kosmetycznych. Kalifowie sadzili j\u0105 na dziedzi\u0144cach meczet\u00f3w (takich jak s\u0142ynne Patio de los Naranjos w Kordobie) oraz w twierdzach Sewilli ze wzgl\u0119du na upajaj\u0105cy zapach kwiatu, kwiatu pomara\u0144czy. Owoce, niejadalne surowe ze wzgl\u0119du na kwasowo\u015b\u0107, wykorzystywano do produkcji olejk\u00f3w eterycznych, a wieki p\u00f3\u017aniej Brytyjczycy masowo je importowali, tworz\u0105c s\u0142ynny d\u017cem sewillski.  <\/p>\n\n<p class=\"wp-block-paragraph\"><strong>S\u0142odka pomara\u0144cza<\/strong> (<em>Citrus sinensis<\/em>) dotar\u0142a do Europy dopiero w XV i XVI wieku, dzi\u0119ki portugalskim \u017ceglarzom, kt\u00f3rzy otworzyli morskie szlaki handlowe z Indiami i Chinami. Pocz\u0105tkowo by\u0142a to luksusowa ro\u015blina, uprawiana w ogrodach europejskiej rodziny kr\u00f3lewskiej. <\/p>\n\n<p class=\"wp-block-paragraph\">Prze\u0142om w kierunku masowej uprawy komercyjnej nast\u0105pi\u0142 w 1781 roku w walencja\u0144skim mie\u015bcie <strong>Carcaixent<\/strong>. Tam proboszcz Vicente Monz\u00f3, wraz z aptekarzem i notariuszem, zasadzi\u0142 pierwszy komercyjny sad s\u0142odkich drzew pomara\u0144czowych, adaptuj\u0105c tereny zasypane deszczem poprzez wiercenie studni. Sukces by\u0142 tak ogromny, \u017ce uprawy szybko rozprzestrzeni\u0142y si\u0119 na ca\u0142\u0105 kotlin\u0119 J\u00facar i Plana de Castell\u00f3n. Pod koniec XIX wieku, wraz z pojawieniem si\u0119 kolei, Hiszpania ju\u017c eksportowa\u0142a ca\u0142e poci\u0105gi pomara\u0144czy do Francji, Wielkiej Brytanii i Niemiec, konsoliduj\u0105c przemys\u0142, kt\u00f3ry na zawsze zmieni\u0142 krajobraz i gospodark\u0119 kraju.   <\/p>\n\n<h2 class=\"wp-block-heading\">Dlaczego hiszpa\u0144skie pomara\u0144cze to produkt najwy\u017cszej jako\u015bci<\/h2>\n\n<p class=\"wp-block-paragraph\">Kupuj\u0105c pomara\u0144cz\u0119 uprawian\u0105 w Hiszpanii, p\u0142acisz za szereg czynnik\u00f3w geograficznych i agronomicznych, kt\u00f3re wynosz\u0105 ten produkt znacznie ponad import z kraj\u00f3w trzecich.<\/p>\n\n<h3 class=\"wp-block-heading\">1. Stres klimatyczny \u015br\u00f3dziemnomorski<\/h3>\n\n<p class=\"wp-block-paragraph\">Klimat jest architektem smaku. Pomara\u0144cze potrzebuj\u0105 klimatu subtropikalnego, ale to, co nadaje hiszpa\u0144skiej pomara\u0144czy idealn\u0105 r\u00f3wnowag\u0119 mi\u0119dzy kwasowo\u015bci\u0105 (kwas cytrynowy) a s\u0142odycz\u0105 (stopnie Brix), to kontrast termiczny. Jesieni\u0105 i zim\u0105 we wschodniej Hiszpanii i Andaluzji dni s\u0105 ciep\u0142e i s\u0142oneczne, ale noce s\u0105 zimne. Ten szok termiczny zatrzymuje wzrost wegetatywny drzewa i koncentruje cukry wewn\u0105trz owocu. Ponadto nocne zimno odpowiada za niszczenie chlorofilu w sk\u00f3rce, powoduj\u0105c, \u017ce owoc zmienia kolor z zielonego na intensywny, jaskrawo pomara\u0144czowy, charakterystyczny dla nich charakterystyczny. W tropikalnych krajach bez zimnej zimy pomara\u0144cze pozostaj\u0105 zielone na zewn\u0105trz, mimo \u017ce s\u0105 dojrza\u0142e w \u015brodku, i cz\u0119sto musz\u0105 by\u0107 sztucznie &#8222;zielone&#8221; gazem etylenowym.     <\/p>\n\n<h3 class=\"wp-block-heading\">2. Dojrzewanie na drzewie<\/h3>\n\n<p class=\"wp-block-paragraph\">Pomara\u0144cza jest owocem nieklimatycznym; oznacza to, \u017ce w przeciwie\u0144stwie do banan\u00f3w czy awokado, nie dojrzewa <strong>dalej po zerwaniu z drzewa<\/strong>. Gdy pomara\u0144cza hiszpa\u0144ska jest zbierana, osi\u0105ga optymalne miejsce spo\u017cycia i mo\u017ce trafi\u0107 na rynek krajowy w zaledwie 24 do 48 godzin. Dla por\u00f3wnania, pomara\u0144cze importowane z RPA, Argentyny lub Egiptu s\u0105 zbierane przedwcze\u015bnie, by przetrwa\u0107 tygodnie w ch\u0142odniach na statkach handlowych. Ta zimna podr\u00f3\u017c parali\u017cuje rozw\u00f3j cukr\u00f3w i olejk\u00f3w eterycznych, skutkuj\u0105c bezsmakowym owocem i such\u0105 sk\u00f3rk\u0105.   <\/p>\n\n<h3 class=\"wp-block-heading\">3. Bezpiecze\u0144stwo \u017cywno\u015bci i zr\u00f3wnowa\u017cony rozw\u00f3j<\/h3>\n\n<p class=\"wp-block-paragraph\">Europejskie ramy prawne nak\u0142adaj\u0105 na hiszpa\u0144skie rolniki najsurowsze przepisy fitosanitarne i \u015brodowiskowe na \u015bwiecie. Stosowanie pestycyd\u00f3w jest \u015bci\u015ble regulowane, gwarantuj\u0105c owoce wolne od toksycznych pozosta\u0142o\u015bci. Ponadto uprawa lokalna minimalizuje \u015blad w\u0119glowy zwi\u0105zany z transportem transoceanicznym.  <\/p>\n\n<h2 class=\"wp-block-heading\">Odmiany w Hiszpanii: kalendarz smak\u00f3w<\/h2>\n\n<p class=\"wp-block-paragraph\">W Hiszpanii uprawia si\u0119 dziesi\u0105tki odmian, kt\u00f3re dziel\u0105 si\u0119 g\u0142\u00f3wnie na trzy du\u017ce rodziny. Znajomo\u015b\u0107 ich jest kluczowa, by wiedzie\u0107, co zam\u00f3wi\u0107 o ka\u017cdej porze roku. <\/p>\n\n<p class=\"wp-block-paragraph\">Sezon pomara\u0144czowy w Hiszpanii trwa od pa\u017adziernika do lipca dzi\u0119ki sukcesji siedmiu g\u0142\u00f3wnych odmian, z kt\u00f3rych ka\u017cda ma unikalny profil smakowy:<\/p>\n\n<ul class=\"wp-block-list\">\n<li><strong>Navelina (pa\u017adziernik &#8211; stycze\u0144):<\/strong> To pierwsza na miejscu i inauguracja kampanii. Wyr\u00f3\u017cnia si\u0119 bardzo zr\u00f3wnowa\u017conym s\u0142odkim smakiem z delikatn\u0105 kwasowo\u015bci\u0105. Mi\u0105\u017csz jest mi\u0119sisty i bez pestek, co czyni go idealnym sto\u0142owym pomara\u0144czowym na jesie\u0144 i wczesn\u0105 zim\u0119.  <\/li>\n\n\n\n<li><strong>Salustiana (grudzie\u0144 &#8211; marzec):<\/strong> Jest jedn\u0105 z niekwestionowanych kr\u00f3lowych sok\u00f3w. Jej smak jest wyj\u0105tkowo s\u0142odki i niemal ca\u0142kowicie pozbawiony kwasowo\u015bci. Cienka sk\u00f3rka skrywa znacznie wi\u0119ksz\u0105 ni\u017c przeci\u0119tna ilo\u015b\u0107 soku, z t\u0105 zalet\u0105, \u017ce sok nie staje si\u0119 gorzki zaraz po wyci\u015bni\u0119ciu.  <\/li>\n\n\n\n<li><strong>Washington Navel (stycze\u0144 &#8211; marzec):<\/strong> Pomara\u0144cza sto\u0142owa kategorii premium. Jest du\u017ca, o chrupi\u0105cej i intensywnej konsystencji. Jej smak jest aromatyczny i g\u0142\u0119boko s\u0142odki, a segmenty bardzo \u0142atwo si\u0119 rozdzielaj\u0105, rozpuszczaj\u0105c si\u0119 na podniebieniu.  <\/li>\n\n\n\n<li><strong>Sanguinelli (stycze\u0144 &#8211; marzec):<\/strong> Czerwony klejnot hiszpa\u0144skich cytrus\u00f3w. Wizualnie nie do pomylenia ze wzgl\u0119du na czerwonawy pigment, jego smak jest z\u0142o\u017cony i \u017cywy: \u0142\u0105czy klasyczn\u0105 s\u0142odycz pomara\u0144czy z iskrz\u0105c\u0105 kwasowo\u015bci\u0105 i wyra\u017anymi niuansami przypominaj\u0105cymi maliny, wi\u015bni i jagody. <\/li>\n\n\n\n<li><strong>Navelate (stycze\u0144 &#8211; kwiecie\u0144):<\/strong> Uwa\u017cana przez najbardziej wymagaj\u0105ce podniebienie za pomara\u0144cz\u0119 o najwy\u017cszej jako\u015bci smakowej na \u015bwiecie. Jej poziom cukru jest bardzo wysoki, a konsystencja niezwykle delikatna i subtelna. To wykwintna odmiana, jedwabista na podniebieniu i niezwykle soczysta.  <\/li>\n\n\n\n<li><strong>Lane Late (luty &#8211; maj):<\/strong> Idealne do przed\u0142u\u017cenia spo\u017cycia najwy\u017cszej jako\u015bci pomara\u0144czy sto\u0142owej wiosn\u0105. Oferuj\u0105 bardzo s\u0142odki i \u0142agodny smak dzi\u0119ki bardzo niskiej kwasowo\u015bci, a mi\u0105\u017csz jest twardy, zapewniaj\u0105cy doskona\u0142\u0105 konserwacj\u0119. <\/li>\n\n\n\n<li><strong>Valencia Late (kwiecie\u0144 &#8211; lipiec):<\/strong> Odpowiada za zamkni\u0119cie kampanii i dostarczanie cieplejszych miesi\u0119cy. W przeciwie\u0144stwie do g\u0119stej s\u0142odyczy P\u0119pka, Valencia Late ma wy\u017cszy poziom orze\u017awiaj\u0105cej kwasowo\u015bci i bardzo wysoki poziom soku, co czyni go definitywn\u0105 odmian\u0105 dla sok\u00f3w letnich. <\/li>\n<\/ul>\n\n<h3 class=\"wp-block-heading\">Grupa P\u0119pka (Las Reinas de la Mesa)<\/h3>\n\n<p class=\"wp-block-paragraph\">Charakteryzuj\u0105 si\u0119 &#8222;p\u0119pkiem&#8221; (po angielsku p\u0119pkiem) od spodu, kt\u00f3ry jest drugim zahamowanym owocem rosn\u0105cym wewn\u0105trz g\u0142\u00f3wnego. Maj\u0105 grub\u0105 i \u0142atw\u0105 do obierania sk\u00f3rk\u0119, brak nasion oraz mi\u0119sist\u0105 i chrupi\u0105c\u0105 mi\u0105\u017csz\u0119. S\u0105 idealnymi pomara\u0144czami do jedzenia segment\u00f3w.  <\/p>\n\n<ul class=\"wp-block-list\">\n<li><strong>P\u0119pek:<\/strong> Jest najwcze\u015bniejsza, zapowiada nadej\u015bcie zimna (od pa\u017adziernika do stycznia). Ma lekko owalny kszta\u0142t i bardzo zr\u00f3wnowa\u017con\u0105 s\u0142odycz. <\/li>\n\n\n\n<li>Washington <strong>Navel:<\/strong> Du\u017cy rozmiar i doskona\u0142a jako\u015b\u0107, dost\u0119pny w \u015brodku zimy (od stycznia do marca).<\/li>\n\n\n\n<li><strong>Navelate:<\/strong> Uwa\u017cana przez ekspert\u00f3w za najpi\u0119kniejsz\u0105 pomara\u0144cz\u0119 na \u015bwiecie. Jej sk\u00f3rka jest cie\u0144sza, ja\u015bniejsza i delikatniejsza, a wn\u0119trze to eksplozja niezwykle s\u0142odkich sok\u00f3w. Uprawa jest trudna, wi\u0119c jest to odmiana gourmet (od stycznia do kwietnia).  <\/li>\n\n\n\n<li><strong>Lane Late:<\/strong> Pozwala nam to kontynuowa\u0107 spo\u017cywanie wysokiej jako\u015bci pomara\u0144czy sto\u0142owych a\u017c do wiosny (luty do maja).<\/li>\n<\/ul>\n\n<h3 class=\"wp-block-heading\">Bia\u0142a Grupa (Kr\u00f3lowe Soku)<\/h3>\n\n<p class=\"wp-block-paragraph\">Nie maj\u0105 p\u0119pka, ich sk\u00f3ra jest znacznie cie\u0144sza, g\u0142adsza i trudna do obierania r\u0119cznie. Ich mi\u0105\u017csz nie ma tak twardej struktury jak p\u0119pek, ale z tego s\u0105 prawdziwymi bombami sokowymi, oddaj\u0105c do 50% swojej masy w p\u0142ynie. <\/p>\n\n<ul class=\"wp-block-list\">\n<li><strong>Salustiana:<\/strong> Powsta\u0142a w wyniku naturalnej mutacji w mie\u015bcie \u00c9nova (Walencja) w 1950 roku. Jest bardzo s\u0142odka i daje obfity sok, kt\u00f3ry nie gorzki zaraz po wyci\u015bni\u0119ciu (grudzie\u0144 \u2013 marzec). <\/li>\n\n\n\n<li><strong>Valencia Late:<\/strong> Pomimo nazwy, jest to najcz\u0119\u015bciej uprawiana odmiana na \u015bwiecie. Dojrzewa p\u00f3\u017ano (od kwietnia do lipca), ma bardziej kwa\u015bny smak i to ona dostarcza nam \u015bwie\u017cy sok, gdy nadejdzie lato. <\/li>\n<\/ul>\n\n<h3 class=\"wp-block-heading\">Grupa Sanguinas (Czerwony Skarb)<\/h3>\n\n<ul class=\"wp-block-list\">\n<li><strong>Sanguinelli:<\/strong> To kwintesencja hiszpa\u0144skiej krwistej pomara\u0144czy. Jej osobliwo\u015bci\u0105 jest to, \u017ce potrzebuje szczyt\u00f3w intensywnego zimna zim\u0105, aby syntetyzowa\u0107 antocyjany, antyoksydanty, kt\u00f3re barwi\u0105 mi\u0105\u017csz (a czasem sk\u00f3r\u0119) na purpurowo-czerwony kolor. Ma fascynuj\u0105cy, lekko kwa\u015bny smak, z niuansami przypominaj\u0105cymi maliny i czerwone owoce (od stycznia do marca).  <\/li>\n<\/ul>\n\n<h2 class=\"wp-block-heading\">Najlepszy czas na zakup hiszpa\u0144skich pomara\u0144czy<\/h2>\n\n<p class=\"wp-block-paragraph\">Kr\u0105\u017cy wielki mit, \u017ce pomara\u0144cze mo\u017cna i powinno si\u0119 spo\u017cywa\u0107 przez ca\u0142y rok. <strong>Pomara\u0144cza to zimny owoc<\/strong>. Sezon pomara\u0144czowy w Hiszpanii zaczyna si\u0119 najwy\u017cej pod koniec pa\u017adziernika i ko\u0144czy w lipcu. <\/p>\n\n<p class=\"wp-block-paragraph\">Okres \u015bwietno\u015bci, kiedy \u0142\u0105czy si\u0119 najwi\u0119ksza liczba odmian o najlepszym wska\u017aniku dojrzewania, trwa od <strong>grudnia do kwietnia<\/strong>.<\/p>\n\n<p class=\"wp-block-paragraph\">Co si\u0119 stanie, je\u015bli chcesz kupi\u0107 \u015bwie\u017ce pomara\u0144cze w sierpniu lub wrze\u015bniu? Po <strong>prostu nie s\u0105 hiszpa\u0144skie<\/strong>. W miesi\u0105cach letnich na p\u00f3\u0142kuli p\u00f3\u0142nocnej drzewa w Hiszpanii w\u0142a\u015bnie tucz\u0105 owoce na kolejn\u0105 kampani\u0119. Pomara\u0144cze, kt\u00f3re wtedy wype\u0142niaj\u0105 p\u00f3\u0142ki supermarket\u00f3w, pochodz\u0105 z p\u00f3\u0142kuli po\u0142udniowej (RPA, Argentyna, Chile, Peru), gdzie jest zima.   <\/p>\n\n<p class=\"wp-block-paragraph\">Kupowanie owoc\u00f3w cytrusowych poza sezonem oznacza spo\u017cywanie owoc\u00f3w, kt\u00f3re przeby\u0142y ponad 10 000 kilometr\u00f3w \u0142odzi\u0105, potraktowane fungicydami i woskami po zbiorach, aby przetrwa\u0107 podr\u00f3\u017c, oraz z astronomicznym \u015bladem w\u0119glowym. Aby cieszy\u0107 si\u0119 produktem najwy\u017cszej jako\u015bci i wspiera\u0107 krajowe rolnictwo, z\u0142ot\u0105 zasad\u0105 jest spo\u017cywanie pomara\u0144czy tylko zim\u0105 i wiosn\u0105 w Hiszpanii. <\/p>\n\n<h2 class=\"wp-block-heading\">Jak odr\u00f3\u017cni\u0107 hiszpa\u0144skie pomara\u0144cze w supermarkecie<\/h2>\n\n<p class=\"wp-block-paragraph\">Najwi\u0119kszym problemem dzisiejszych hiszpa\u0144skich konsument\u00f3w i rolnik\u00f3w jest wprowadzanie w b\u0142\u0105d lub nieprzejrzyste etykietowanie przez du\u017ce supermarkety. Wielu konsument\u00f3w kupuje pomara\u0144czowe siatki, wierz\u0105c, \u017ce pochodz\u0105 z sad\u00f3w lewanty\u0144skich lub andaluzyjskich, podczas gdy w rzeczywisto\u015bci pochodz\u0105 one z drugiego ko\u0144ca \u015bwiata lub z Afryki P\u00f3\u0142nocnej. <\/p>\n\n<p class=\"wp-block-paragraph\">Tutaj krok po kroku wyja\u015bniamy, jak broni\u0107 si\u0119 przed tymi praktykami i zabezpieczy\u0107 zakup:<\/p>\n\n<h3 class=\"wp-block-heading\">1. Pu\u0142apka &#8222;Pakowane w Hiszpanii&#8221; kontra &#8222;Origin&#8221; <\/h3>\n\n<p class=\"wp-block-paragraph\">Prz\u00f3d opakowania cz\u0119sto trafia do lokalnych uczu\u0107 konsumenta. Cz\u0119sto mo\u017cna zobaczy\u0107 du\u017ce flagi Hiszpanii, loga z walencja\u0144skimi koszarami lub napis wydrukowany wielkimi literami: <em>&#8222;Pakowane w Walencji&#8221;<\/em> lub <em>&#8222;Dystrybuowane przez [Hiszpa\u0144sk\u0105 Firm\u0119]&#8221;.<\/em> <strong>To nie znaczy, \u017ce pomara\u0144cza ros\u0142a w Hiszpanii.<\/strong> Walencja\u0144ska firma mo\u017ce importowa\u0107 tysi\u0105ce ton z Egiptu i umieszcza\u0107 je w sieciach w swoim magazynie w Walencji. <\/p>\n\n<p class=\"wp-block-paragraph\"><strong>Jedyn\u0105 rzecz\u0105 o warto\u015bci prawnej jest s\u0142owo &#8222;ORIGIN&#8221;.<\/strong>  Zgodnie z prawem, etykieta na tylnej stronie lub znak na opakowaniu luzem musi wskazywa\u0107 kraj, w kt\u00f3rym owoc zosta\u0142 wyhodowany. Zawsze szukaj drobnego druku: <strong>Pochodzenie: Hiszpania<\/strong>. <\/p>\n\n<h3 class=\"wp-block-heading\">2. Mylenie r\u00f3\u017cnorodno\u015bci z pochodzeniem<\/h3>\n\n<p class=\"wp-block-paragraph\">Jak wida\u0107 na powy\u017cszym obrazku, jest to jedno z najcz\u0119stszych nieporozumie\u0144. Etykieta jest oznaczona wielkimi literami <strong>&#8222;ORANGE VALENCIA&#8221;.<\/strong> Ka\u017cdy po\u015bpieszny konsument za\u0142o\u017cy, \u017ce to pomara\u0144cze pochodz\u0105ce z Wsp\u00f3lnoty Walenckiej. Jednak &#8222;Valencia Late&#8221; to po prostu nazwa <em>odmiany<\/em> pomara\u0144czy, kt\u00f3ra jest masowo uprawiana na ca\u0142ym \u015bwiecie. Je\u015bli spojrzysz na drobny druk na tej samej etykiecie, zobaczysz, \u017ce ujawnia ona rzeczywisto\u015b\u0107: <strong>ORIGIN SOUTH Africa.<\/strong>    <\/p>\n\n<h3 class=\"wp-block-heading\">3. Sp\u00f3jrz na wygl\u0105d sk\u00f3ry (nadmierny po\u0142ysk)<\/h3>\n\n<p class=\"wp-block-paragraph\">Importowane pomara\u0144cze, zw\u0142aszcza te z RPA lub Mercosur, musz\u0105 przej\u015b\u0107 d\u0142ugotrwa\u0142e przezi\u0119bienia (Cold Treatment), aby zapobiec przedostaniu si\u0119 szkodnik\u00f3w kwarantannowych do Europy, takich jak fa\u0142szywa \u0107ma. Aby owoce nie wysuszy\u0142y si\u0119 ani nie zgni\u0142y podczas tych tygodni podr\u00f3\u017cy i zimna, s\u0105 obsypywane grubymi warstwami wosk\u00f3w i chemicznych fungicyd\u00f3w (takich jak Imazalil czy Thiabendazol). Je\u015bli zobaczysz pomara\u0144cze w supermarkecie o nienaturalnym blasku, niemal z plastiku, a po dotyku pozostawiaj\u0105 woskowy dotyk na d\u0142oniach, silnie podejrzewaj, \u017ce s\u0105 importowane lub przechowywane przez miesi\u0105ce. Pomara\u0144cze zbierane w Hiszpanii przez lokalnych producent\u00f3w zwykle maj\u0105 znacznie bardziej naturalny wygl\u0105d, matowy po\u0142ysk, a je\u015bli kupione od ma\u0142ych producent\u00f3w, zachowuj\u0105 zielone i \u015bwie\u017ce li\u015bcie przyczepione do szypki.   <\/p>\n\n<h3 class=\"wp-block-heading\">4. Cena i kaliber<\/h3>\n\n<p class=\"wp-block-paragraph\">Import z kraj\u00f3w spoza UE (takich jak Egipt czy Maroko) konkuruje z cenami poni\u017cej hiszpa\u0144skich koszt\u00f3w produkcji, ze wzgl\u0119du na znacznie bardziej pob\u0142a\u017cliw\u0105 prac\u0119 i przepisy fitosanitarne (kt\u00f3re rolnicy krytykuj\u0105 jako nieuczciw\u0105 konkurencj\u0119). Je\u015bli w po\u0142owie stycznia lub lutego zobaczysz ofert\u0119 o absurdalnie niskiej cenie, sprawd\u017a pochodzenie. Importowane pomara\u0144cze cz\u0119sto s\u0105 u\u017cywane jako &#8222;produkt reklamowy&#8221;, aby koszyk zakupowy by\u0142 ta\u0144szy. Zap\u0142acenie kilku cent\u00f3w wi\u0119cej za produkt narodowy gwarantuje przyzwoit\u0105 p\u0142ac\u0119 na hiszpa\u0144skiej wsi i produkt znacznie lepszy pod wzgl\u0119dem w\u0142a\u015bciwo\u015bci organoletycznych.   <\/p>\n\n<h3 class=\"wp-block-heading\">5. Bezpo\u015bredni zakup od rolnika<\/h3>\n\n<p class=\"wp-block-paragraph\">W ostatniej dekadzie w Hiszpanii rozkwit\u0142 rynek internetowy, gdzie setki rodzin rolniczych sprzedaj\u0105 swoje plony bezpo\u015brednio online. To absolutna gwarancja jako\u015bci. Owoce nie przechodz\u0105 przez po\u015brednik\u00f3w ani chemiczne zabiegi po zbiorach; dzi\u015b s\u0105 na drzewie o\u015bwietlonym \u015br\u00f3dziemnomorskim s\u0142o\u0144cem, jutro rolnik \u015bcina je na zam\u00f3wienie, a w ci\u0105gu 24 godzin docieraj\u0105 do domu z nienaruszonym zapachem pola.  <\/p>\n\n<p class=\"wp-block-paragraph\">Cenienie hiszpa\u0144skiej pomara\u0144czy nie jest prostym aktem patriotyzmu kulinarnego; to \u0107wiczenie w odpowiedzialnej konsumpcji. Oznacza stawianie na lokalne rolnictwo, na \u017cywno\u015b\u0107 dojrzewaj\u0105c\u0105 w rytmie natury oraz na zachowanie nawadnianego ekosystemu, kt\u00f3ry definiuje nasz\u0105 kultur\u0119 od wiek\u00f3w. <\/p>\n\n<p class=\"wp-block-paragraph\">Chcia\u0142by\u015b mieszka\u0107 w Hiszpanii, aby cieszy\u0107 si\u0119 najlepsz\u0105 pomara\u0144cz\u0105 na \u015bwiecie? Chcia\u0142by\u015b codziennie budzi\u0107 si\u0119 z dobrym sokiem pomara\u0144czowym na \u015bniadanie? Rozwa\u017c zakup domu w Hiszpanii ju\u017c teraz i zr\u00f3b to z najlepszymi ekspertami od nieruchomo\u015bci z <a href=\"https:\/\/silcestates.com\">SILC ESTATES.<\/a>   <\/p>\n","protected":false},"excerpt":{"rendered":"<p>Hiszpa\u0144ska geografia, otoczona Morzem \u015ar\u00f3dziemnym i obdarzona ponad trzema tysi\u0105cami godzin s\u0142o\u0144ca rocznie, stoi za cytrusowy sad par excellence w Europie. M\u00f3wi\u0105c o hiszpa\u0144skiej pomara\u0144czy, nie mamy na my\u015bli tylko owocu; m\u00f3wimy o dziedzictwie kulturowym, historycznym motorze gospodarczym i jednym z najbardziej rozpoznawalnych znak\u00f3w gastronomicznych na \u015bwiecie. Hiszpania jest g\u0142\u00f3wnym producentem owoc\u00f3w cytrusowych w Unii [&hellip;]<\/p>\n","protected":false},"author":1,"featured_media":3806,"comment_status":"open","ping_status":"open","sticky":false,"template":"","format":"standard","meta":{"_acf_changed":false,"_joinchat":[],"footnotes":""},"categories":[67],"tags":[],"class_list":["post-3822","post","type-post","status-publish","format-standard","has-post-thumbnail","hentry","category-gastronomia-pl"],"acf":[],"yoast_head":"<!-- This site is optimized with the Yoast SEO plugin v26.9 - https:\/\/yoast.com\/product\/yoast-seo-wordpress\/ -->\n<title>Z\u0142oto Morza \u015ar\u00f3dziemnego: dlaczego hiszpa\u0144ska pomara\u0144cza jest niezr\u00f3wnana | Spain Paradise - Reasons to Buy a House and Live in Spain<\/title>\n<meta name=\"description\" content=\"Chcia\u0142by\u015b mieszka\u0107 w Hiszpanii, \u017ceby cieszy\u0107 si\u0119 najlepsz\u0105 pomara\u0144cz\u0105 na \u015bwiecie? Chcia\u0142by\u015b budzi\u0107 si\u0119 codziennie z sokiem na \u015bniadanie?\" \/>\n<meta name=\"robots\" content=\"index, follow, max-snippet:-1, max-image-preview:large, max-video-preview:-1\" \/>\n<link rel=\"canonical\" href=\"https:\/\/spainparadise.com\/pl\/zloto-morza-srodziemnego-dlaczego-hiszpanska-pomarancza-jest-niezrownana\/\" \/>\n<meta property=\"og:locale\" content=\"pl_PL\" \/>\n<meta property=\"og:type\" content=\"article\" \/>\n<meta property=\"og:title\" content=\"Z\u0142oto Morza \u015ar\u00f3dziemnego: dlaczego hiszpa\u0144ska pomara\u0144cza jest niezr\u00f3wnana | Spain Paradise - Reasons to Buy a House and Live in Spain\" \/>\n<meta property=\"og:description\" content=\"Chcia\u0142by\u015b mieszka\u0107 w Hiszpanii, \u017ceby cieszy\u0107 si\u0119 najlepsz\u0105 pomara\u0144cz\u0105 na \u015bwiecie? Chcia\u0142by\u015b budzi\u0107 si\u0119 codziennie z sokiem na \u015bniadanie?\" \/>\n<meta property=\"og:url\" content=\"https:\/\/spainparadise.com\/pl\/zloto-morza-srodziemnego-dlaczego-hiszpanska-pomarancza-jest-niezrownana\/\" \/>\n<meta property=\"og:site_name\" content=\"Spain Paradise - Reasons to Buy a House and Live in Spain\" \/>\n<meta property=\"article:published_time\" content=\"2026-09-03T10:38:45+00:00\" \/>\n<meta property=\"article:modified_time\" content=\"2026-09-03T10:46:55+00:00\" \/>\n<meta property=\"og:image\" content=\"https:\/\/spainparadise.com\/wp-content\/uploads\/2026\/09\/orange-tree-orchard-on-a-sunny-day-2026-03-10-02-07-47-utc-scaled.jpg\" \/>\n\t<meta property=\"og:image:width\" content=\"2560\" \/>\n\t<meta property=\"og:image:height\" content=\"1709\" \/>\n\t<meta property=\"og:image:type\" content=\"image\/jpeg\" \/>\n<meta name=\"author\" content=\"silcboss\" \/>\n<meta name=\"twitter:card\" content=\"summary_large_image\" \/>\n<meta name=\"twitter:label1\" content=\"Napisane przez\" \/>\n\t<meta name=\"twitter:data1\" content=\"silcboss\" \/>\n\t<meta name=\"twitter:label2\" content=\"Szacowany czas czytania\" \/>\n\t<meta name=\"twitter:data2\" content=\"10 minuta\" \/>\n<script type=\"application\/ld+json\" class=\"yoast-schema-graph\">{\"@context\":\"https:\/\/schema.org\",\"@graph\":[{\"@type\":\"Article\",\"@id\":\"https:\/\/spainparadise.com\/pl\/zloto-morza-srodziemnego-dlaczego-hiszpanska-pomarancza-jest-niezrownana\/#article\",\"isPartOf\":{\"@id\":\"https:\/\/spainparadise.com\/pl\/zloto-morza-srodziemnego-dlaczego-hiszpanska-pomarancza-jest-niezrownana\/\"},\"author\":{\"name\":\"silcboss\",\"@id\":\"https:\/\/spainparadise.com\/pl\/#\/schema\/person\/a41ca0eacfb1cca2e598502676894bf8\"},\"headline\":\"Z\u0142oto Morza \u015ar\u00f3dziemnego: dlaczego hiszpa\u0144ska pomara\u0144cza jest niezr\u00f3wnana\",\"datePublished\":\"2026-09-03T10:38:45+00:00\",\"dateModified\":\"2026-09-03T10:46:55+00:00\",\"mainEntityOfPage\":{\"@id\":\"https:\/\/spainparadise.com\/pl\/zloto-morza-srodziemnego-dlaczego-hiszpanska-pomarancza-jest-niezrownana\/\"},\"wordCount\":2395,\"commentCount\":0,\"publisher\":{\"@id\":\"https:\/\/spainparadise.com\/pl\/#organization\"},\"image\":{\"@id\":\"https:\/\/spainparadise.com\/pl\/zloto-morza-srodziemnego-dlaczego-hiszpanska-pomarancza-jest-niezrownana\/#primaryimage\"},\"thumbnailUrl\":\"https:\/\/spainparadise.com\/wp-content\/uploads\/2026\/09\/orange-tree-orchard-on-a-sunny-day-2026-03-10-02-07-47-utc-scaled.jpg\",\"articleSection\":[\"Gastronomia\"],\"inLanguage\":\"pl-PL\",\"potentialAction\":[{\"@type\":\"CommentAction\",\"name\":\"Comment\",\"target\":[\"https:\/\/spainparadise.com\/pl\/zloto-morza-srodziemnego-dlaczego-hiszpanska-pomarancza-jest-niezrownana\/#respond\"]}]},{\"@type\":\"WebPage\",\"@id\":\"https:\/\/spainparadise.com\/pl\/zloto-morza-srodziemnego-dlaczego-hiszpanska-pomarancza-jest-niezrownana\/\",\"url\":\"https:\/\/spainparadise.com\/pl\/zloto-morza-srodziemnego-dlaczego-hiszpanska-pomarancza-jest-niezrownana\/\",\"name\":\"Z\u0142oto Morza \u015ar\u00f3dziemnego: dlaczego hiszpa\u0144ska pomara\u0144cza jest niezr\u00f3wnana | Spain Paradise - Reasons to Buy a House and Live in Spain\",\"isPartOf\":{\"@id\":\"https:\/\/spainparadise.com\/pl\/#website\"},\"primaryImageOfPage\":{\"@id\":\"https:\/\/spainparadise.com\/pl\/zloto-morza-srodziemnego-dlaczego-hiszpanska-pomarancza-jest-niezrownana\/#primaryimage\"},\"image\":{\"@id\":\"https:\/\/spainparadise.com\/pl\/zloto-morza-srodziemnego-dlaczego-hiszpanska-pomarancza-jest-niezrownana\/#primaryimage\"},\"thumbnailUrl\":\"https:\/\/spainparadise.com\/wp-content\/uploads\/2026\/09\/orange-tree-orchard-on-a-sunny-day-2026-03-10-02-07-47-utc-scaled.jpg\",\"datePublished\":\"2026-09-03T10:38:45+00:00\",\"dateModified\":\"2026-09-03T10:46:55+00:00\",\"description\":\"Chcia\u0142by\u015b mieszka\u0107 w Hiszpanii, \u017ceby cieszy\u0107 si\u0119 najlepsz\u0105 pomara\u0144cz\u0105 na \u015bwiecie? Chcia\u0142by\u015b budzi\u0107 si\u0119 codziennie z sokiem na \u015bniadanie?\",\"breadcrumb\":{\"@id\":\"https:\/\/spainparadise.com\/pl\/zloto-morza-srodziemnego-dlaczego-hiszpanska-pomarancza-jest-niezrownana\/#breadcrumb\"},\"inLanguage\":\"pl-PL\",\"potentialAction\":[{\"@type\":\"ReadAction\",\"target\":[\"https:\/\/spainparadise.com\/pl\/zloto-morza-srodziemnego-dlaczego-hiszpanska-pomarancza-jest-niezrownana\/\"]}]},{\"@type\":\"ImageObject\",\"inLanguage\":\"pl-PL\",\"@id\":\"https:\/\/spainparadise.com\/pl\/zloto-morza-srodziemnego-dlaczego-hiszpanska-pomarancza-jest-niezrownana\/#primaryimage\",\"url\":\"https:\/\/spainparadise.com\/wp-content\/uploads\/2026\/09\/orange-tree-orchard-on-a-sunny-day-2026-03-10-02-07-47-utc-scaled.jpg\",\"contentUrl\":\"https:\/\/spainparadise.com\/wp-content\/uploads\/2026\/09\/orange-tree-orchard-on-a-sunny-day-2026-03-10-02-07-47-utc-scaled.jpg\",\"width\":2560,\"height\":1709,\"caption\":\"Orange trees are the main fruit trees in the orchards of Valencia, in the Mediterranean, and are exported throughout Europe.\"},{\"@type\":\"BreadcrumbList\",\"@id\":\"https:\/\/spainparadise.com\/pl\/zloto-morza-srodziemnego-dlaczego-hiszpanska-pomarancza-jest-niezrownana\/#breadcrumb\",\"itemListElement\":[{\"@type\":\"ListItem\",\"position\":1,\"name\":\"Portada\",\"item\":\"https:\/\/spainparadise.com\/pl\/inicio\/\"},{\"@type\":\"ListItem\",\"position\":2,\"name\":\"Z\u0142oto Morza \u015ar\u00f3dziemnego: dlaczego hiszpa\u0144ska pomara\u0144cza jest niezr\u00f3wnana\"}]},{\"@type\":\"WebSite\",\"@id\":\"https:\/\/spainparadise.com\/pl\/#website\",\"url\":\"https:\/\/spainparadise.com\/pl\/\",\"name\":\"Spain Paradise - Reasons to Buy a House and Live in Spain\",\"description\":\"Reasons to Buy a House and Live in Spain\",\"publisher\":{\"@id\":\"https:\/\/spainparadise.com\/pl\/#organization\"},\"alternateName\":\"Spain Paradise - Reasons to Buy a House and Live in Spain\",\"potentialAction\":[{\"@type\":\"SearchAction\",\"target\":{\"@type\":\"EntryPoint\",\"urlTemplate\":\"https:\/\/spainparadise.com\/pl\/?s={search_term_string}\"},\"query-input\":{\"@type\":\"PropertyValueSpecification\",\"valueRequired\":true,\"valueName\":\"search_term_string\"}}],\"inLanguage\":\"pl-PL\"},{\"@type\":\"Organization\",\"@id\":\"https:\/\/spainparadise.com\/pl\/#organization\",\"name\":\"Spain Paradise - Reasons to Buy a House and Live in Spain\",\"url\":\"https:\/\/spainparadise.com\/pl\/\",\"logo\":{\"@type\":\"ImageObject\",\"inLanguage\":\"pl-PL\",\"@id\":\"https:\/\/spainparadise.com\/pl\/#\/schema\/logo\/image\/\",\"url\":\"https:\/\/spainparadise.com\/wp-content\/uploads\/2025\/04\/cropped-Logo_PNG_Sombra.png\",\"contentUrl\":\"https:\/\/spainparadise.com\/wp-content\/uploads\/2025\/04\/cropped-Logo_PNG_Sombra.png\",\"width\":512,\"height\":512,\"caption\":\"Spain Paradise - Reasons to Buy a House and Live in Spain\"},\"image\":{\"@id\":\"https:\/\/spainparadise.com\/pl\/#\/schema\/logo\/image\/\"}},{\"@type\":\"Person\",\"@id\":\"https:\/\/spainparadise.com\/pl\/#\/schema\/person\/a41ca0eacfb1cca2e598502676894bf8\",\"name\":\"silcboss\",\"image\":{\"@type\":\"ImageObject\",\"inLanguage\":\"pl-PL\",\"@id\":\"https:\/\/spainparadise.com\/pl\/#\/schema\/person\/image\/\",\"url\":\"https:\/\/secure.gravatar.com\/avatar\/ce93de2b5d950e964d58958f4db2a173d0cb790eb2543ab42d8378b8730af20e?s=96&d=mm&r=g\",\"contentUrl\":\"https:\/\/secure.gravatar.com\/avatar\/ce93de2b5d950e964d58958f4db2a173d0cb790eb2543ab42d8378b8730af20e?s=96&d=mm&r=g\",\"caption\":\"silcboss\"},\"sameAs\":[\"https:\/\/spainparadise.com\"]}]}<\/script>\n<!-- \/ Yoast SEO plugin. -->","yoast_head_json":{"title":"Z\u0142oto Morza \u015ar\u00f3dziemnego: dlaczego hiszpa\u0144ska pomara\u0144cza jest niezr\u00f3wnana | Spain Paradise - Reasons to Buy a House and Live in Spain","description":"Chcia\u0142by\u015b mieszka\u0107 w Hiszpanii, \u017ceby cieszy\u0107 si\u0119 najlepsz\u0105 pomara\u0144cz\u0105 na \u015bwiecie? Chcia\u0142by\u015b budzi\u0107 si\u0119 codziennie z sokiem na \u015bniadanie?","robots":{"index":"index","follow":"follow","max-snippet":"max-snippet:-1","max-image-preview":"max-image-preview:large","max-video-preview":"max-video-preview:-1"},"canonical":"https:\/\/spainparadise.com\/pl\/zloto-morza-srodziemnego-dlaczego-hiszpanska-pomarancza-jest-niezrownana\/","og_locale":"pl_PL","og_type":"article","og_title":"Z\u0142oto Morza \u015ar\u00f3dziemnego: dlaczego hiszpa\u0144ska pomara\u0144cza jest niezr\u00f3wnana | Spain Paradise - Reasons to Buy a House and Live in Spain","og_description":"Chcia\u0142by\u015b mieszka\u0107 w Hiszpanii, \u017ceby cieszy\u0107 si\u0119 najlepsz\u0105 pomara\u0144cz\u0105 na \u015bwiecie? Chcia\u0142by\u015b budzi\u0107 si\u0119 codziennie z sokiem na \u015bniadanie?","og_url":"https:\/\/spainparadise.com\/pl\/zloto-morza-srodziemnego-dlaczego-hiszpanska-pomarancza-jest-niezrownana\/","og_site_name":"Spain Paradise - Reasons to Buy a House and Live in Spain","article_published_time":"2026-09-03T10:38:45+00:00","article_modified_time":"2026-09-03T10:46:55+00:00","og_image":[{"width":2560,"height":1709,"url":"https:\/\/spainparadise.com\/wp-content\/uploads\/2026\/09\/orange-tree-orchard-on-a-sunny-day-2026-03-10-02-07-47-utc-scaled.jpg","type":"image\/jpeg"}],"author":"silcboss","twitter_card":"summary_large_image","twitter_misc":{"Napisane przez":"silcboss","Szacowany czas czytania":"10 minuta"},"schema":{"@context":"https:\/\/schema.org","@graph":[{"@type":"Article","@id":"https:\/\/spainparadise.com\/pl\/zloto-morza-srodziemnego-dlaczego-hiszpanska-pomarancza-jest-niezrownana\/#article","isPartOf":{"@id":"https:\/\/spainparadise.com\/pl\/zloto-morza-srodziemnego-dlaczego-hiszpanska-pomarancza-jest-niezrownana\/"},"author":{"name":"silcboss","@id":"https:\/\/spainparadise.com\/pl\/#\/schema\/person\/a41ca0eacfb1cca2e598502676894bf8"},"headline":"Z\u0142oto Morza \u015ar\u00f3dziemnego: dlaczego hiszpa\u0144ska pomara\u0144cza jest niezr\u00f3wnana","datePublished":"2026-09-03T10:38:45+00:00","dateModified":"2026-09-03T10:46:55+00:00","mainEntityOfPage":{"@id":"https:\/\/spainparadise.com\/pl\/zloto-morza-srodziemnego-dlaczego-hiszpanska-pomarancza-jest-niezrownana\/"},"wordCount":2395,"commentCount":0,"publisher":{"@id":"https:\/\/spainparadise.com\/pl\/#organization"},"image":{"@id":"https:\/\/spainparadise.com\/pl\/zloto-morza-srodziemnego-dlaczego-hiszpanska-pomarancza-jest-niezrownana\/#primaryimage"},"thumbnailUrl":"https:\/\/spainparadise.com\/wp-content\/uploads\/2026\/09\/orange-tree-orchard-on-a-sunny-day-2026-03-10-02-07-47-utc-scaled.jpg","articleSection":["Gastronomia"],"inLanguage":"pl-PL","potentialAction":[{"@type":"CommentAction","name":"Comment","target":["https:\/\/spainparadise.com\/pl\/zloto-morza-srodziemnego-dlaczego-hiszpanska-pomarancza-jest-niezrownana\/#respond"]}]},{"@type":"WebPage","@id":"https:\/\/spainparadise.com\/pl\/zloto-morza-srodziemnego-dlaczego-hiszpanska-pomarancza-jest-niezrownana\/","url":"https:\/\/spainparadise.com\/pl\/zloto-morza-srodziemnego-dlaczego-hiszpanska-pomarancza-jest-niezrownana\/","name":"Z\u0142oto Morza \u015ar\u00f3dziemnego: dlaczego hiszpa\u0144ska pomara\u0144cza jest niezr\u00f3wnana | Spain Paradise - Reasons to Buy a House and Live in Spain","isPartOf":{"@id":"https:\/\/spainparadise.com\/pl\/#website"},"primaryImageOfPage":{"@id":"https:\/\/spainparadise.com\/pl\/zloto-morza-srodziemnego-dlaczego-hiszpanska-pomarancza-jest-niezrownana\/#primaryimage"},"image":{"@id":"https:\/\/spainparadise.com\/pl\/zloto-morza-srodziemnego-dlaczego-hiszpanska-pomarancza-jest-niezrownana\/#primaryimage"},"thumbnailUrl":"https:\/\/spainparadise.com\/wp-content\/uploads\/2026\/09\/orange-tree-orchard-on-a-sunny-day-2026-03-10-02-07-47-utc-scaled.jpg","datePublished":"2026-09-03T10:38:45+00:00","dateModified":"2026-09-03T10:46:55+00:00","description":"Chcia\u0142by\u015b mieszka\u0107 w Hiszpanii, \u017ceby cieszy\u0107 si\u0119 najlepsz\u0105 pomara\u0144cz\u0105 na \u015bwiecie? Chcia\u0142by\u015b budzi\u0107 si\u0119 codziennie z sokiem na \u015bniadanie?","breadcrumb":{"@id":"https:\/\/spainparadise.com\/pl\/zloto-morza-srodziemnego-dlaczego-hiszpanska-pomarancza-jest-niezrownana\/#breadcrumb"},"inLanguage":"pl-PL","potentialAction":[{"@type":"ReadAction","target":["https:\/\/spainparadise.com\/pl\/zloto-morza-srodziemnego-dlaczego-hiszpanska-pomarancza-jest-niezrownana\/"]}]},{"@type":"ImageObject","inLanguage":"pl-PL","@id":"https:\/\/spainparadise.com\/pl\/zloto-morza-srodziemnego-dlaczego-hiszpanska-pomarancza-jest-niezrownana\/#primaryimage","url":"https:\/\/spainparadise.com\/wp-content\/uploads\/2026\/09\/orange-tree-orchard-on-a-sunny-day-2026-03-10-02-07-47-utc-scaled.jpg","contentUrl":"https:\/\/spainparadise.com\/wp-content\/uploads\/2026\/09\/orange-tree-orchard-on-a-sunny-day-2026-03-10-02-07-47-utc-scaled.jpg","width":2560,"height":1709,"caption":"Orange trees are the main fruit trees in the orchards of Valencia, in the Mediterranean, and are exported throughout Europe."},{"@type":"BreadcrumbList","@id":"https:\/\/spainparadise.com\/pl\/zloto-morza-srodziemnego-dlaczego-hiszpanska-pomarancza-jest-niezrownana\/#breadcrumb","itemListElement":[{"@type":"ListItem","position":1,"name":"Portada","item":"https:\/\/spainparadise.com\/pl\/inicio\/"},{"@type":"ListItem","position":2,"name":"Z\u0142oto Morza \u015ar\u00f3dziemnego: dlaczego hiszpa\u0144ska pomara\u0144cza jest niezr\u00f3wnana"}]},{"@type":"WebSite","@id":"https:\/\/spainparadise.com\/pl\/#website","url":"https:\/\/spainparadise.com\/pl\/","name":"Spain Paradise - Reasons to Buy a House and Live in Spain","description":"Reasons to Buy a House and Live in Spain","publisher":{"@id":"https:\/\/spainparadise.com\/pl\/#organization"},"alternateName":"Spain Paradise - Reasons to Buy a House and Live in Spain","potentialAction":[{"@type":"SearchAction","target":{"@type":"EntryPoint","urlTemplate":"https:\/\/spainparadise.com\/pl\/?s={search_term_string}"},"query-input":{"@type":"PropertyValueSpecification","valueRequired":true,"valueName":"search_term_string"}}],"inLanguage":"pl-PL"},{"@type":"Organization","@id":"https:\/\/spainparadise.com\/pl\/#organization","name":"Spain Paradise - Reasons to Buy a House and Live in Spain","url":"https:\/\/spainparadise.com\/pl\/","logo":{"@type":"ImageObject","inLanguage":"pl-PL","@id":"https:\/\/spainparadise.com\/pl\/#\/schema\/logo\/image\/","url":"https:\/\/spainparadise.com\/wp-content\/uploads\/2025\/04\/cropped-Logo_PNG_Sombra.png","contentUrl":"https:\/\/spainparadise.com\/wp-content\/uploads\/2025\/04\/cropped-Logo_PNG_Sombra.png","width":512,"height":512,"caption":"Spain Paradise - Reasons to Buy a House and Live in Spain"},"image":{"@id":"https:\/\/spainparadise.com\/pl\/#\/schema\/logo\/image\/"}},{"@type":"Person","@id":"https:\/\/spainparadise.com\/pl\/#\/schema\/person\/a41ca0eacfb1cca2e598502676894bf8","name":"silcboss","image":{"@type":"ImageObject","inLanguage":"pl-PL","@id":"https:\/\/spainparadise.com\/pl\/#\/schema\/person\/image\/","url":"https:\/\/secure.gravatar.com\/avatar\/ce93de2b5d950e964d58958f4db2a173d0cb790eb2543ab42d8378b8730af20e?s=96&d=mm&r=g","contentUrl":"https:\/\/secure.gravatar.com\/avatar\/ce93de2b5d950e964d58958f4db2a173d0cb790eb2543ab42d8378b8730af20e?s=96&d=mm&r=g","caption":"silcboss"},"sameAs":["https:\/\/spainparadise.com"]}]}},"_links":{"self":[{"href":"https:\/\/spainparadise.com\/pl\/wp-json\/wp\/v2\/posts\/3822","targetHints":{"allow":["GET"]}}],"collection":[{"href":"https:\/\/spainparadise.com\/pl\/wp-json\/wp\/v2\/posts"}],"about":[{"href":"https:\/\/spainparadise.com\/pl\/wp-json\/wp\/v2\/types\/post"}],"author":[{"embeddable":true,"href":"https:\/\/spainparadise.com\/pl\/wp-json\/wp\/v2\/users\/1"}],"replies":[{"embeddable":true,"href":"https:\/\/spainparadise.com\/pl\/wp-json\/wp\/v2\/comments?post=3822"}],"version-history":[{"count":2,"href":"https:\/\/spainparadise.com\/pl\/wp-json\/wp\/v2\/posts\/3822\/revisions"}],"predecessor-version":[{"id":3829,"href":"https:\/\/spainparadise.com\/pl\/wp-json\/wp\/v2\/posts\/3822\/revisions\/3829"}],"wp:featuredmedia":[{"embeddable":true,"href":"https:\/\/spainparadise.com\/pl\/wp-json\/wp\/v2\/media\/3806"}],"wp:attachment":[{"href":"https:\/\/spainparadise.com\/pl\/wp-json\/wp\/v2\/media?parent=3822"}],"wp:term":[{"taxonomy":"category","embeddable":true,"href":"https:\/\/spainparadise.com\/pl\/wp-json\/wp\/v2\/categories?post=3822"},{"taxonomy":"post_tag","embeddable":true,"href":"https:\/\/spainparadise.com\/pl\/wp-json\/wp\/v2\/tags?post=3822"}],"curies":[{"name":"wp","href":"https:\/\/api.w.org\/{rel}","templated":true}]}}